{"id":12,"date":"2016-03-18T16:47:22","date_gmt":"2016-03-18T15:47:22","guid":{"rendered":"http:\/\/www.couto.ch\/?p=12"},"modified":"2016-03-18T16:47:22","modified_gmt":"2016-03-18T15:47:22","slug":"kaena-ski-01","status":"publish","type":"post","link":"http:\/\/www.couto.ch\/?p=12","title":{"rendered":"Premiers jours de ski de Kaena, avec papa !"},"content":{"rendered":"<p>Kaena prise en photo le premier jour de ski.<br \/>\nKaena s&rsquo;est bien d\u00e9brouill\u00e9 pendant le premier jour de ski de sa vie. Soutenue par papa elle a, pendant le premier jour, fait plusieurs descentes de la petite piste au Col de la Faucille. Le deuxi\u00e8me jour a \u00e9t\u00e9 un peu plus pouss\u00e9. Elle a fait plusieurs descentes de la \u00ab\u00a0grande piste\u00a0\u00bb bleue!<br \/>\nEn fin de journ\u00e9e elle arrivait d\u00e9j\u00e0 \u00e0 tourner \u00e0 gauche et \u00e0 droite et ne tombait presque plus. Pour voir plus de photos des deux premiers jours de ski de Kaena, cliquez <a title=\"Photos Kaena au ski\" href=\"http:\/\/www.couto.ch\/fotogallery\/index.php?\/category\/13\">ici. <\/a><\/p>\n<p><img loading=\"lazy\" decoding=\"async\" class=\"alignnone size-full wp-image-13\" src=\"http:\/\/www.couto.ch\/wp-content\/uploads\/2016\/03\/kaena_Ski_2015-1.jpg\" alt=\"kaena_Ski_2015-1\" width=\"1000\" height=\"600\" \/><\/p>\n","protected":false},"excerpt":{"rendered":"<p>Kaena prise en photo le premier jour de ski. Kaena s&rsquo;est bien d\u00e9brouill\u00e9 pendant le premier jour de ski de sa vie. Soutenue par papa elle a, pendant le premier jour, fait plusieurs descentes de la petite piste au Col de la Faucille. Le deuxi\u00e8me jour a \u00e9t\u00e9 un peu plus pouss\u00e9. Elle a fait plusieurs descentes de la \u00ab\u00a0grande piste\u00a0\u00bb bleue! En fin de journ\u00e9e elle arrivait d\u00e9j\u00e0 \u00e0 tourner \u00e0 gauche et \u00e0 droite et ne tombait presque plus. Pour voir plus de photos des deux premiers jours de ski de Kaena, cliquez ici.<\/p>\n","protected":false},"author":1,"featured_media":0,"comment_status":"closed","ping_status":"closed","sticky":false,"template":"","format":"standard","meta":{"footnotes":""},"categories":[3],"tags":[],"class_list":{"0":"post-12","1":"post","2":"type-post","3":"status-publish","4":"format-standard","6":"category-kaena-couto"},"_links":{"self":[{"href":"http:\/\/www.couto.ch\/index.php?rest_route=\/wp\/v2\/posts\/12","targetHints":{"allow":["GET"]}}],"collection":[{"href":"http:\/\/www.couto.ch\/index.php?rest_route=\/wp\/v2\/posts"}],"about":[{"href":"http:\/\/www.couto.ch\/index.php?rest_route=\/wp\/v2\/types\/post"}],"author":[{"embeddable":true,"href":"http:\/\/www.couto.ch\/index.php?rest_route=\/wp\/v2\/users\/1"}],"replies":[{"embeddable":true,"href":"http:\/\/www.couto.ch\/index.php?rest_route=%2Fwp%2Fv2%2Fcomments&post=12"}],"version-history":[{"count":1,"href":"http:\/\/www.couto.ch\/index.php?rest_route=\/wp\/v2\/posts\/12\/revisions"}],"predecessor-version":[{"id":14,"href":"http:\/\/www.couto.ch\/index.php?rest_route=\/wp\/v2\/posts\/12\/revisions\/14"}],"wp:attachment":[{"href":"http:\/\/www.couto.ch\/index.php?rest_route=%2Fwp%2Fv2%2Fmedia&parent=12"}],"wp:term":[{"taxonomy":"category","embeddable":true,"href":"http:\/\/www.couto.ch\/index.php?rest_route=%2Fwp%2Fv2%2Fcategories&post=12"},{"taxonomy":"post_tag","embeddable":true,"href":"http:\/\/www.couto.ch\/index.php?rest_route=%2Fwp%2Fv2%2Ftags&post=12"}],"curies":[{"name":"wp","href":"https:\/\/api.w.org\/{rel}","templated":true}]}}